{"provider_url": "https://www.apucarana.pr.leg.br", "title": "Adenor Terra recebe mo\u00e7\u00e3o de aplausos", "html": "\u00a0Bacharel em Administra\u00e7\u00e3o de Empresas\r\npela Fecea e licenciado em Letras pela Fafijan, de Jandaia do Sul,\r\nele tamb\u00e9m \u00e9 p\u00f3s-graduado em Leitura e Produ\u00e7\u00e3o\r\nTextual pela Fafijan, acad\u00eamico de m\u00fasica pela\r\nUniversidade Estadual de Maring\u00e1 (UEM) e regente dos corais\r\nNossa Senhora Aparecida, S\u00e3o Jos\u00e9, Facnopar e da\r\nFunda\u00e7\u00e3o Gra\u00e7a (Arapongas).\r\n<p align=\"justify\" class=\"western\">\r\nAdenor tamb\u00e9m se destaca\r\ncomo coordenador do Canto Pastoral na Diocese de Apucarana desde\r\n2001, membro-fundador da Academia de Ci\u00eancias, Artes e Letras\r\nCentro-Norte do Paran\u00e1 e professor de M\u00fasica e Produ\u00e7\u00e3o\r\nTextual no Instituto Filos\u00f3fico de Apucarana (IFA). Al\u00e9m\r\ndisso, \u00e9 membro da equipe de Reflex\u00e3o em M\u00fasica\r\ne Liturgia da CNBB e compositor de algumas das m\u00fasicas da\r\nCampanha da Fraternidade, promovida pela CNBB.</p>\r\n<p align=\"justify\" class=\"western\">\r\n\u201cPrimeiramente, agradecemos o\r\ndom que Deus lhe deu. Segundo, agradecemos a voc\u00ea por colocar\r\nesse dom a servi\u00e7o de toda a comunidade, n\u00e3o somente se\r\npreocupando em formar grupos, mas em fazer um trabalho de promo\u00e7\u00e3o\r\ne valoriza\u00e7\u00e3o humana\u201d, discursou a vereadora Telma\r\nReis. \u201cTodos s\u00e3o eleitos, todos s\u00e3o importantes,\r\ntodos t\u00eam uma miss\u00e3o nobre. A sua \u00e9 a de\r\nevangelizar atrav\u00e9s da m\u00fasica\u201d, finalizou a\r\nvereadora.</p><p align=\"justify\" class=\"western\"><br /></p><p align=\"justify\" class=\"western\"><img class=\"image-left\" src=\"../imagem/t02.jpg\" alt=\"t2\" /><br /></p>\r\n<br /><br /><br /><br /><br /><br /><br /><br /><br /><br /><br /><br /><br /><br /><br /><br /><br /><br /><br /><br /><br /><br /><br /><br /><br /><img class=\"image-left\" src=\"../imagem/t03.jpg\" alt=\"t3\" /><br /><br /><br /><br /><br /><br /><br /><br /><br /><br /><br /><br /><br /><br /><br /><br /><br /><br /><br /><br /><br /><br /><br /><br /><br />Fotos: Marcelo Silva<br />", "author_name": "", "version": "1.0", "author_url": "https://www.apucarana.pr.leg.br/author/ivan", "provider_name": "Portal da C\u00e2mara Municipal de Apucarana", "type": "rich"}