{"provider_url": "https://www.apucarana.pr.leg.br", "title": "Alcides manda adesivar os carros da C\u00e2mara", "html": "<p>\r\n\r\n</p>Pelo ato, esses ve\u00edculos, a partir de\r\nagora, passar\u00e3o a circular identificados com um adesivo, no qual haver\u00e1 a\r\ninscri\u00e7\u00e3o \u201cC\u00e2mara Municipal de Apucarana \u2013 Uso Exclusivo em Servi\u00e7o \u2013 0800 648\r\n7002\u201d. \u201cO adesivo vai identificar o ve\u00edculo como propriedade da C\u00e2mara, portanto\r\nde uso exclusivo para servi\u00e7o p\u00fablico. Al\u00e9m disso, vai trazer o 0800, que \u00e9 um\r\nn\u00famero para o qual a popula\u00e7\u00e3o pode ligar gratuitamente e denunciar qualquer\r\nirregularidade\u201d, assinala o presidente.<br /><br /><p style=\"text-align: justify;\">Segundo Alcides Ramos, o ato est\u00e1\r\nsendo baixado porque a C\u00e2mara e o pr\u00f3prio Minist\u00e9rio P\u00fablico t\u00eam recebido\r\nalgumas den\u00fancias de uso impr\u00f3prio dos ve\u00edculos. \u201cMuitas vezes algu\u00e9m pode\r\npegar um ve\u00edculo para determinado fim e depois se estender no uso, passando a\r\ncuidar de coisas pessoais, o que obviamente \u00e9 uma conduta irregular. Com a\r\nidentifica\u00e7\u00e3o do ve\u00edculo, n\u00f3s esperamos acabar com essa pr\u00e1tica\u201d, justifica o\r\npresidente.</p>\r\n\r\n<p style=\"text-align: justify;\">Alcides Ramos lembra que \u00e9\r\ndif\u00edcil para a presid\u00eancia ou a Secretaria Administrativa da C\u00e2mara acompanhar\r\no tempo todo o uso dos tr\u00eas ve\u00edculos \u2013 dois Astra e um Prisma. \u201cPor isso,\r\ndecidimos identificar esses ve\u00edculos, pedindo \u00e0 popula\u00e7\u00e3o que nos ajude na\r\nfiscaliza\u00e7\u00e3o, denunciando o uso para qualquer outro fim que n\u00e3o seja o servi\u00e7o\r\np\u00fablico\u201d, ressalta o presidente. Alcides Ramos defende que medida semelhante\r\nseja adotada pela Prefeitura, com toda a frota municipal. \u201cA C\u00e2mara est\u00e1 se\r\nadequando para depois poder agir como \u00f3rg\u00e3o fiscalizador tamb\u00e9m nesse sentido.\r\nSe queremos coibir abusos com carros oficiais, primeiro temos que dar o\r\nexemplo\u201d, finaliza.</p>\r\n\r\n<p style=\"text-align: justify;\"><b>TRANSPAR\u00caNCIA - Medida tem como objetivo coibir abusos no uso de\r\nve\u00edculos oficiais</b>\r\n\r\n\r\n\r\n</p><p style=\"text-align: justify;\">Alcides Ramos: \u201cQueremos que a\r\npopula\u00e7\u00e3o nos ajude a fiscalizar, denunciando os abusos\u201d</p>\r\n\r\n\r\n<p style=\"text-align: justify;\"><br /></p><p style=\"text-align: justify;\">\u00a0</p><p style=\"text-align: justify;\"><br /></p>\r\n\r\n", "author_name": "", "version": "1.0", "author_url": "https://www.apucarana.pr.leg.br/author/ivan", "provider_name": "Portal da C\u00e2mara Municipal de Apucarana", "type": "rich"}