{"provider_url": "https://www.apucarana.pr.leg.br", "title": "Alcides Ramos nega propaganda antecipada", "html": "<p>\r\n\r\n</p>\u00a0<p style=\"text-align: justify;\" class=\"MsoNoSpacing\">\u00a0Alcides foi denunciado por suposta\r\npropaganda eleitoral antecipada, por ajudar na organiza\u00e7\u00e3o e promo\u00e7\u00e3o da festa\r\nde anivers\u00e1rio do N\u00facleo Jo\u00e3o Paulo, ocorrida no domingo (20). \u201cInfelizmente, o\r\nMinist\u00e9rio P\u00fablico vem recebendo den\u00fancias an\u00f4nimas e tomando algumas medidas\r\nsem antes fazer a devida apura\u00e7\u00e3o. Daqui a pouco vai ter den\u00fancia an\u00f4nima de\r\nque tem vereador vendendo drogas aqui dentro da C\u00e2mara e v\u00e3o pedir pris\u00e3o sem\r\nantes apurar o que est\u00e1 acontecendo\u201d, afirmou o presidente.</p>\r\n\r\n<p style=\"text-align: justify;\" class=\"MsoNoSpacing\">O vereador disse ter sido procurado por membros do Jo\u00e3o Paulo\r\ninteressados em que ele e sua equipe ajudassem na promo\u00e7\u00e3o da festa do bairro,\r\nque comemorou 32 anos. \u201cEu moro no Jo\u00e3o Paulo desde crian\u00e7a, minha fam\u00edlia\r\nchegou l\u00e1 quando nem existia asfalto. L\u00e1 est\u00e3o muitos dos meus melhores amigos,\r\nl\u00e1 eu resido com minha esposa e meu filho. Sempre participei e colaborei com as\r\nfestas do bairro, muito antes de ser vereador. Por que agora n\u00e3o posso\r\ncolaborar?\u201d, questiona o presidente. Para ele, houve rigor excessivo ao\r\nclassificar seu apoio \u00e0 festa como propaganda eleitoral. \u201cN\u00f3s somos daqui,\r\ntemos hist\u00f3ria aqui. N\u00e3o somos bandidos\u201d, assinalou o presidente da C\u00e2mara.\r\n\u201cEst\u00e3o querendo nos pintar como o capeta, como o diabo e n\u00e3o podemos admitir\r\nisso sem registrar nossa revolta\u201d, acrescenta Alcides.</p>\r\n\r\n<p style=\"text-align: justify;\" class=\"MsoNoSpacing\">Ele lamentou ainda que os vereadores sejam o alvo preferido hoje,\r\nlembrando as a\u00e7\u00f5es que atingiram membros da C\u00e2mara por conta da publica\u00e7\u00e3o de\r\ninformativos prestando contas do mandato. \u201cTodo mundo sabe que tem deputado\r\nfederal que vem a\u00ed, instala outdoor na cidade, distribui informativos e n\u00e3o\r\nacontece nada. Por que dois pesos e duas medidas? O deputado pode prestar\r\ncontas do mandato e o vereador n\u00e3o?\u201d, questionou.</p>\r\n\r\n<p style=\"text-align: justify;\" class=\"MsoNoSpacing\">Na festa de domingo, outros detentores de mandato eletivo estavam\r\npresentes, como o prefeito Jo\u00e3o Carlos de Oliveira (PMDB), o vereador Mauro\r\nBertoli (PTB), o vereador Luiz Brentan (PSDB), pr\u00e9-candidatos e outras\r\nlideran\u00e7as. A den\u00fancia de que Alcides Ramos fez promo\u00e7\u00e3o pessoal e propaganda\r\nantecipada foi acatada pela ju\u00edza titular da 179\u00aa Zona Eleitoral, M\u00e1rcia\r\nPugliesi Yokomizo. Ela determinou a apreens\u00e3o de m\u00eddia utilizada para a\r\ndivulga\u00e7\u00e3o do evento em um carro de som. Segundo a den\u00fancia, o nome do vereador\r\nestaria sendo mencionado como apoiador do evento pelo carro de som que fazia a\r\ndivulga\u00e7\u00e3o da festa no bairro.</p>\r\n\r\n<p style=\"text-align: justify;\" class=\"MsoNoSpacing\">\u00a0</p>\r\n\r\n", "author_name": "", "version": "1.0", "author_url": "https://www.apucarana.pr.leg.br/author/ivan", "provider_name": "Portal da C\u00e2mara Municipal de Apucarana", "type": "rich"}