{"provider_url": "https://www.apucarana.pr.leg.br", "title": "Alcides tem audi\u00eancia com ACM Neto", "html": "<p>\r\n</p><br /><p class=\"western\">\u00a0O encontro foi em\r\nBras\u00edlia. Alcides estava acompanhado pelo vereador Marcos Martins\r\n(PTC). Durante a reuni\u00e3o, o presidente da C\u00e2mara convidou ACM Neto\r\npara um encontro regional do DEM, que deve acontecer no m\u00eas de\r\njunho. \u201cEle disse que far\u00e1 o poss\u00edvel para participar do evento,\r\npedindo apenas que a data seja confirmada com duas semanas de\r\nanteced\u00eancia. Ele tamb\u00e9m negou as especula\u00e7\u00f5es de que estaria\r\npara deixar o DEM, conforme foi ventilado por alguns setores da\r\nimprensa. Pelo contr\u00e1rio, afirmou que o DEM est\u00e1 muito forte e\r\ncitou como exemplo o encaminhamento para a vota\u00e7\u00e3o do C\u00f3digo\r\nFlorestal\u201d, assinalou Alcides Ramos.</p>\r\n<p class=\"western\">Segundo o presidente da\r\nC\u00e2mara, ao ser questionado sobre uma poss\u00edvel fus\u00e3o entre o DEM e\r\no PSDB, ACM Neto disse que \u201cn\u00e3o demoniza nenhuma tese\u201d, mas\r\ngarantiu que este n\u00e3o \u00e9 um assunto em pauta no momento. \u201cEle\r\ndefende, no entanto, uma uni\u00e3o de partidos de oposi\u00e7\u00e3o capaz de\r\noferecer um novo projeto para a elei\u00e7\u00e3o de 2014\u201d, ressalta\r\nAlcides Ramos.</p>\r\n<p class=\"western\">Ele e Marquinhos\r\nestiveram em Bras\u00edlia fazendo contatos com v\u00e1rios parlamentares e\r\napresentando pedido de recursos para Apucarana atrav\u00e9s de emendas ao\r\nor\u00e7amento. Alcides tamb\u00e9m diz ter apresentado a ACM Neto um resumo\r\nsobre os novos projetos implantados na C\u00e2mara de Apucarana durante a\r\nsua gest\u00e3o. \u201cEle nos elogiou pela sess\u00e3o itinerante e pela C\u00e2mara\r\ndo Estudante e disse que este \u00e9 o grande desafio do Poder\r\nLegislativo nos dias de hoje: aproximar-se cada vez mais da\r\npopula\u00e7\u00e3o, viver os seus problemas e ajudar na busca de solu\u00e7\u00f5es,\r\ndeixando de ser apenas um poder restrito aos gabinetes\u201d, conclui\r\nAlcides Ramos.</p>\r\n", "author_name": "", "version": "1.0", "author_url": "https://www.apucarana.pr.leg.br/author/ivan", "provider_name": "Portal da C\u00e2mara Municipal de Apucarana", "type": "rich"}