{"provider_url": "https://www.apucarana.pr.leg.br", "title": "Alunos da Fecea s\u00e3o homenageados pela C\u00e2mara", "html": "<br /><p align=\"justify\" class=\"western\">\r\nCom a presen\u00e7a do diretor\r\nVanderlei Ceranto, do professor Wilson Penharbel, vereadores e \r\noutros convidados, alunos dos cursos de Administra\u00e7\u00e3o\r\nde Empresas e Com\u00e9rcio Exterior da Faculdade Estadual d\r\nCi\u00eancias Econ\u00f4micas de Apucarana (Fecea) foram\r\nhomenageados na C\u00e2mara, na noite desta segunda-feira (28). A\r\nhomenagem foi prestada aos alunos que se destacaram em trabalhos\r\ndesenvolvidos na \u00e1rea.</p>\r\n<p align=\"justify\" class=\"western\">\r\n\u201c\u00c9 momento que coroa de\r\n\u00eaxito a vida acad\u00eamica desses estudantes, na medida em\r\nque representa o reconhecimento p\u00fablico pelo esfor\u00e7o\r\nque eles desempenharam a fim de se destacarem entre os demais\u201d,\r\nafirmou Penharbel. Ele ressaltou o apoio dado pela dire\u00e7\u00e3o\r\nda Fecea. Citando o general Hanibal, que lutou contra os romanos \u2013\r\n\u201cOu encontramos um caminho, ou abriremos um\u201d \u2013 Ceranto frisou\r\nque o professor Penharbel abriu um caminho para destacar, mais uma\r\nvez, n\u00e3o s\u00f3 o nome da Fecea, mas tamb\u00e9m o\r\nesfor\u00e7o de cada aluno homenageado. O diretor tamb\u00e9m\r\nagradeceu ao presidente da C\u00e2mara, Mauro Bertoli, e demais\r\nvereadores pelo apoio dado \u00e0 institui\u00e7\u00e3o.</p><p align=\"justify\" class=\"western\"><br /></p><p align=\"justify\" class=\"western\"><img class=\"image-left\" src=\"../imagem/w2.jpg\" alt=\"w2\" /></p><p align=\"justify\" class=\"western\"><br /></p><p align=\"justify\" class=\"western\"><br /></p><p align=\"justify\" class=\"western\"><br /></p><p align=\"justify\" class=\"western\"><br /></p><p align=\"justify\" class=\"western\"><br /></p><p align=\"justify\" class=\"western\"><br /></p><p align=\"justify\" class=\"western\"><br /></p><p align=\"justify\" class=\"western\"><br /></p><p align=\"justify\" class=\"western\"><br /></p><p align=\"justify\" class=\"western\"><br /></p><p align=\"justify\" class=\"western\"><br /></p><p align=\"justify\" class=\"western\"><br /></p><p align=\"justify\" class=\"western\"><br /></p><p align=\"justify\" class=\"western\"><br /></p><p align=\"justify\" class=\"western\"><br /></p><p align=\"justify\" class=\"western\"><img class=\"image-left\" src=\"../imagem/w3.jpg\" alt=\"w3\" /><br /></p>\r\n<br /><br /><br /><br /><br /><br /><br /><br /><br /><br /><br /><br /><br /><br /><br /><br /><br /><br /><br /><br /><br /><br /><br /><br />Fotos: Marcelo Silva<br />", "author_name": "", "version": "1.0", "author_url": "https://www.apucarana.pr.leg.br/author/ivan", "provider_name": "Portal da C\u00e2mara Municipal de Apucarana", "type": "rich"}