{"provider_url": "https://www.apucarana.pr.leg.br", "title": "Apucarana comemora Dia do Ex\u00e9rcito", "html": "<p>Acompanhado do prefeito Junior da Femac e do diretor administrativo da C\u00e2mara Municipal, Cec\u00edlio Luz, o presidente do Legislativo, Franciley Preto Godoi, Poim, participou na manh\u00e3 de hoje (segunda-feira 12/04), na sede do 30\u00ba Batalh\u00e3o de Infantaria Mecanizado (B I Mec), de formatura alusiva ao Dia do Ex\u00e9rcito. A solenidade foi presidida pelo tenente-coronel Fl\u00e1bio Meireles Machado, comandante do 30\u00ba B I Mec.</p>\r\n<p>O ato, que marcou os 373 anos da institui\u00e7\u00e3o cuja origem remete \u00e0 Batalha de Guararapes (PE), ocorrida em abril de 1648, em fun\u00e7\u00e3o da pandemia e mantendo todas as medidas restritivas importas pelas autoridades em sa\u00fade, foi restrito a parte do efetivo e contou com a presen\u00e7a de alguns convidados: Major\u00a0Marcos Jos\u00e9 Facio, comandante do 10<sup>o</sup>\u00a0Batalh\u00e3o de Pol\u00edcia Militar (BPM),\u00a0o\u00a0tenente-coronel F\u00e1bio Roberto de Azevedo Thereza, comandante do 11\u00ba Grupamento de Bombeiros de Apucarana,\u00a0e o colaborador em\u00e9rito do Ex\u00e9rcito, Oezir Marcelo Kantor</p>\r\n<p>O presidente da C\u00e2mara, Poim, agradeceu o convite e destacou a import\u00e2ncia da data onde comemoram os 373 anos da Batalha dos Guararapes. \u201cO Ex\u00e9rcito \u00e9 uma institui\u00e7\u00e3o que orgulha a todos n\u00f3s, cidad\u00e3os brasileiros, por tudo o que fez, por tudo o que faz e pela soberania que ajuda a garantir o Brasil.\u00a0 Agradecemos a parceria que o 30\u00ba Batalh\u00e3o de Infantaria Mecanizado tem com a nossa cidade. Isso nos fortalece dia a dia\u201d, disse Poim.</p>\r\n<p>O prefeito Junior da Femac lembrou que h\u00e1 373 anos, um grupo de brasileiros de diferentes etnias \u2013 brancos, negros e ind\u00edgenas \u2013 se reuniu em Guararapes para defender o territ\u00f3rio nacional e combater a domina\u00e7\u00e3o holandesa. \u201cFoi o in\u00edcio do Ex\u00e9rcito Brasileiro e para n\u00f3s \u00e9 um orgulho ter aqui em Apucarana uma unidade desta valorosa institui\u00e7\u00e3o. O 30<sup>o</sup>\u00a0BIMec \u00e9 uma refer\u00eancia de trabalho e de servi\u00e7o prestado, que sempre mant\u00e9m vivo esse sentimento de amor \u00e0 p\u00e1tria\u201d, destacou o prefeito Junior da Femac.</p>\r\n<p>O tenente-coronel Fl\u00e1bio fez um r\u00e1pido hist\u00f3rico da trajet\u00f3ria do Ex\u00e9rcito Brasileiro, desde a Batalha de Guararapes, passando pela luta pela independ\u00eancia e do processo de pacifica\u00e7\u00e3o interna em diversos momentos (revolu\u00e7\u00f5es Farroupilha, Sabinada e Balaiada, revoltas liberais, no Conestado, em Canudos). Tamb\u00e9m lembrou da atua\u00e7\u00e3o no segundo imp\u00e9rio, quando combateu na Tr\u00edplice Alian\u00e7a, e nas duas guerras mundiais. \u201cMais recentemente, ajudou a cultivar a paz em diversos pa\u00edses sob a \u00e9gide da ONU e com ajudas humanit\u00e1rias externas e internas e, atualmente, vem contribuindo no combate da Covid-19\u201d, cita o comandante do 30<sup>o</sup>\u00a0BIMec.</p>\r\n<p>O ato que marcou o Dia do Ex\u00e9rcito contou ainda com a entrega de medalhas a membros da corpora\u00e7\u00e3o, por tempo de servi\u00e7o e bons servi\u00e7os prestados, sendo encerrado com o desfile da tropa. Ao final, o comandante se dirigiu \u00e0 Banda do 30o\u00a0BIMec, formada por militares da ativa, civis e ex-militares, e fez um agradecimento especial.</p>\r\n<p>Fotos: PMA</p>\r\n<p>\u00a0</p>", "author_name": "", "version": "1.0", "author_url": "https://www.apucarana.pr.leg.br/author/Simone", "provider_name": "Portal da C\u00e2mara Municipal de Apucarana", "type": "rich"}