{"provider_url": "https://www.apucarana.pr.leg.br", "title": "Apucarana \u00e9 a Capital Nacional do Bon\u00e9", "html": "<br />\r\n<div class=\"textojust\"><p align=\"justify\">Com propriedade Apucarana j\u00e1 se considerava a\r\n\"Capital do Bon\u00e9\", uma vez que \u00e9 respons\u00e1vel por quase 90% da produ\u00e7\u00e3o\r\ndo Pa\u00eds. O projeto de Lei 258, de 2009, de autoria do Deputado Alex\r\nCanziani, oficializa o t\u00edtulo nacionalmente. No Senado, Fl\u00e1vio Arns,\r\nrelator do projeto, afirma \u2013 Apucarana \u00e9, sem sombra de d\u00favida, a\r\nCapital Nacional do Bon\u00e9.<br />\r\n<br />\r\nO munic\u00edpio \u00e9 considerado o principal entroncamento rodo-ferrovi\u00e1rio do\r\nCentro-Norte do Paran\u00e1, no Vale do Iva\u00ed. A produ\u00e7\u00e3o de bon\u00e9s \u00e9 um forte\r\nsegmento nesse p\u00f3lo produtor nacional de acess\u00f3rios, cora\u00e7\u00e3o do chamado\r\n\"Corredor da moda\".<br />\r\n<br />\r\nContribu\u00edram muito para a conquista do t\u00edtulo a Universidade\r\nTecnol\u00f3gica Federal, que mant\u00e9m v\u00e1rios cursos de forma\u00e7\u00e3o na \u00e1rea, e a\r\nind\u00fastria local, constitu\u00edda por mais de 300 f\u00e1bricas, de m\u00e9dio e\r\npequeno porte, que gera 20 mil empregos especificamente no setor de\r\nconfec\u00e7\u00e3o de bon\u00e9s.<br />\r\n<br />\r\n\"\u00c9 certo que a conquista maior coube aos apucaranenses. Eles sim s\u00e3o os\r\nrespons\u00e1veis por todo esse sucesso\", afirma Arns, que prossegue \u2013\r\n\"Vamos agora lutar para que o bon\u00e9 componha o uniforme escolar \u2013 ganham\r\nas crian\u00e7as e as f\u00e1bricas de bon\u00e9s!\"</p></div><br /><br />Fonte: Assessoria de Imprensa - Senador Fl\u00e1vio Arns (PSDB - PR)\r\n\t\t\t", "author_name": "", "version": "1.0", "author_url": "https://www.apucarana.pr.leg.br/author/ivan", "provider_name": "Portal da C\u00e2mara Municipal de Apucarana", "type": "rich"}