{"provider_url": "https://www.apucarana.pr.leg.br", "title": "Apucarana marca presen\u00e7a na Expo Br\u00edndice", "html": "<p>\u00a0\u201cO\r\nestande coletivo est\u00e1 excelente. A prefeitura apoiar\u00e1 eventos como\r\nesse, pois entendemos que as empresas de Apucarana s\u00e3o fortes e devem\r\nse mostrar para o pa\u00eds\u201d exalta o vice-prefeito Waldemar Garcia.<br />\r\nA FIEP tamb\u00e9m ressalta a import\u00e2ncia de a\u00e7\u00f5es como a realizada em S\u00e3o\r\nPaulo. \u201cSempre apoiamos e continuaremos a apoiar o desenvolvimento do\r\nAPL de Apucarana. Hoje, as suas empresas est\u00e3o mais produtivas e\r\ncompetitivas. E todos ganham com esta coopera\u00e7\u00e3o estrat\u00e9gica:\r\nempres\u00e1rios, trabalhadores, poder p\u00fablico, a cidade e a regi\u00e3o\u201d,\r\nenumera Rodrigo Costa da Rocha Loures, presidente da Federa\u00e7\u00e3o das\r\nInd\u00fastrias do Estado do Paran\u00e1. <br />\r\nA FIEP tamb\u00e9m ressalta a import\u00e2ncia de a\u00e7\u00f5es como a realizada em S\u00e3o\r\nPaulo. \u201cSempre apoiamos e continuaremos a apoiar o desenvolvimento do\r\nAPL de Apucarana. Hoje, as suas empresas est\u00e3o mais produtivas e\r\ncompetitivas. E todos ganham com esta coopera\u00e7\u00e3o estrat\u00e9gica:\r\nempres\u00e1rios, trabalhadores, poder p\u00fablico, a cidade e a regi\u00e3o\u201d,\r\nenumera Rodrigo Costa da Rocha Loures, presidente da Federa\u00e7\u00e3o das\r\nInd\u00fastrias do Estado do Paran\u00e1. </p>\r\n\r\n \r\n\r\n\r\n\r\n\r\n\r\n\r\n\r\n\r\n<div class=\"artigo\">\r\n\r\n    <div class=\"artigo_titulo\">Participa\u00e7\u00e3o na Expobrindice gera neg\u00f3cios para empresas de Apucarana</div>\r\n    \r\n\r\n    <div class=\"artigo_texto\"><br />\t<p>O\r\ncoordenador do Grupo de Acesso a Mercado do APL Bon\u00e9s de Apucarana,\r\nCleverson Silva, diz que a a\u00e7\u00e3o de levar empresas para a Expo Br\u00edndice\r\nfoi absolutamente positiva. \u201cFoi um evento de sucesso e deve gerar\r\nneg\u00f3cios para as empresas. Apesar de ser nossa primeira a\u00e7\u00e3o coletiva,\r\nvimos que estamos no caminho certo\u201d, fala o coordenador. Em janeiro de\r\n2008, o APL, em parceria com o Sebrae, Prefeitura de Apucarana e FIEP,\r\ndeve levar 10 empresas para a Fenin, em Gramado, RS. O espa\u00e7o j\u00e1 est\u00e1\r\nreservado. Mais informa\u00e7\u00f5es pelo fone 43 3422 09 30.</p><br /><p><br /></p><p>FONTE: www.ogrampo.com.br</p><p><br /> </p>\r\n\r\n\r\n </div>\r\n\r\n\r\n</div>", "author_name": "", "version": "1.0", "author_url": "https://www.apucarana.pr.leg.br/author/ivan", "provider_name": "Portal da C\u00e2mara Municipal de Apucarana", "type": "rich"}