{"provider_url": "https://www.apucarana.pr.leg.br", "title": "Audi\u00eancia p\u00fablica de presta\u00e7\u00e3o de contas", "html": "Pela 20\u00aa vez, desde que assumiu o Executivo em janeiro de 2001, o prefeito\r\nde Apucarana, Valter Pegorer,\u00a0fara audi\u00eancia p\u00fablica de presta\u00e7\u00e3o de\r\ncontas. O ato ser\u00e1, sexta-feira (28), no plen\u00e1rio da C\u00e2mara Municipal\r\ne, al\u00e9m de cumprir uma exig\u00eancia da Lei de Responsabilidade Fiscal,\r\nservir\u00e1 tamb\u00e9m para que o prefeito possa apresentar as a\u00e7\u00f5es e a\r\nmovimenta\u00e7\u00e3o financeira do munic\u00edpio no \u00faltimo quadrimestre de 2007. Na\r\noportunidade o Presidente da C\u00e2mara Mauro Bertoli, tamb\u00e9m far\u00e1 a presta\u00e7\u00e3o de contas do Poder\r\nLegislativo.", "author_name": "", "version": "1.0", "author_url": "https://www.apucarana.pr.leg.br/author/ivan", "provider_name": "Portal da C\u00e2mara Municipal de Apucarana", "type": "rich"}