{"provider_url": "https://www.apucarana.pr.leg.br", "title": "Audi\u00eancia p\u00fablica de presta\u00e7\u00e3o de contas", "html": "<p><img src=\"file:///C:/DOCUME~1/ivan/CONFIG~1/Temp/moz-screenshot.jpg\" /><img src=\"file:///C:/DOCUME~1/ivan/CONFIG~1/Temp/moz-screenshot-1.jpg\" /></p><div><div class=\"documentByLine\"><div class=\"reviewHistory\"><dl id=\"history\" class=\"collapsible inline collapsedInlineCollapsible\"><dd class=\"collapsibleContent\">\r\n\r\n        <table class=\"listing nosort\" summary=\"Hist\u00f3rico de Revis\u00e3o\">\r\n\r\n          <tbody><tr>\r\n            <th>A\u00e7\u00e3o<br /><br /></th>\r\n            <th>Realizado por<br /><br /></th>\r\n            <th>Data e hora<br /><br /></th>\r\n            <th>Coment\u00e1rio<br /><br /></th>\r\n          </tr>\r\n\r\n          \r\n            <tr class=\"odd\">\r\n              <td class=\"state-published\">publicar<br /><br /></td>\r\n\r\n              <td>\r\n                <a href=\"https://www.apucarana.pr.leg.br/author/ivan\">Ivan Lucio Garcia</a>\r\n              <br /><br /></td>\r\n\r\n              <td>\r\n                27/09/2007 16:06\r\n                \r\n              <br /><br /></td>\r\n\r\n              <td>\r\n                \r\n\r\n                Sem coment\u00e1rios.\r\n              <br /><br /></td>\r\n            </tr>\r\n          \r\n        </tbody></table>\r\n\r\n        <br /><br /></dd></dl>\r\n    \r\n</div>\r\n\r\n    </div>\r\n\r\n</div>\u00a0\r\n\r\n        \r\n\r\n        O prefeito\r\nde Apucarana, Valter Pegorer,\u00a0fara audi\u00eancia p\u00fablica de presta\u00e7\u00e3o de\r\ncontas. O ato ser\u00e1, quarta-feira (28), no plen\u00e1rio da C\u00e2mara Municipal\r\ne, al\u00e9m de cumprir uma exig\u00eancia da Lei de Responsabilidade Fiscal,\r\nservir\u00e1 tamb\u00e9m para que o prefeito possa apresentar as a\u00e7\u00f5es e a\r\nmovimenta\u00e7\u00e3o financeira do munic\u00edpio no primeiro quadrimestre de 2008. Na\r\noportunidade o Presidente da C\u00e2mara Mauro Bertoli, tamb\u00e9m far\u00e1 a presta\u00e7\u00e3o de contas do Poder\r\nLegislativo.", "author_name": "", "version": "1.0", "author_url": "https://www.apucarana.pr.leg.br/author/ivan", "provider_name": "Portal da C\u00e2mara Municipal de Apucarana", "type": "rich"}