{"provider_url": "https://www.apucarana.pr.leg.br", "title": "Beto Richa \u00e9 cidad\u00e3o honor\u00e1rio de Apucarana", "html": "<p>\r\n\r\n</p> O projeto\r\nfoi apresentado antes da elei\u00e7\u00e3o do ano passado e aprovado por unanimidade\r\npelos vereadores.<br /><br />\r\n<p style=\"text-align: justify;\" class=\"MsoNoSpacing\">\u00a0\u201c\u00c9 com muita seriedade e\r\nresponsabilidade que recebo essas homenagens. Fico muito feliz em me tornar um\r\ncidad\u00e3o dessa amada cidade, que tanto nos orgulha. Podem ter certeza que vamos\r\ntrabalhar juntos para construir um novo Paran\u00e1, com mais educa\u00e7\u00e3o, seguran\u00e7a e\r\nsa\u00fade\u201d, disse o governador. Em seu pronunciamento, Richa apresentou um\r\nhist\u00f3rico da sua trajet\u00f3ria pol\u00edtica e destacou os avan\u00e7os que pretende\r\nrealizar no governo estadual.</p>\r\n\r\n<p style=\"text-align: justify;\" class=\"MsoNoSpacing\">Antes da solenidade, os vereadores homenagearam o ex-governador Jos\u00e9\r\nRicha, pai de Beto Richa, que dar\u00e1 nome ao sagu\u00e3o da C\u00e2mara Municipal. Um\r\npainel, projetado pelo arquiteto Leonardo Britici, foi constru\u00eddo em homenagem\r\nao ex-governador. Beto Richa lembrou os tempos em que, em companhia do pai,\r\nfazia pol\u00edtica em toda a regi\u00e3o do Vale do Iva\u00ed, passando sempre por Apucarana.\r\nO governador tamb\u00e9m ressaltou o fato de Alcides Ramos J\u00fanior, como ele, ser de\r\numa fam\u00edlia de pol\u00edticos. O av\u00f4, Jos\u00e9 Ramos de Oliveira, e o pai, Alcides\r\nRamos, tamb\u00e9m foram vereadores e presidentes da C\u00e2mara. \u201cAdmirei o Alcides e a\r\nsua paix\u00e3o pela pol\u00edtica desde a primeira vez que nos encontramos e fico muito\r\nfeliz com a honraria que ele, com a aquiesc\u00eancia dos demais vereadores, me\r\nconcede. Isso aumenta nosso compromisso de fazer com que Apucarana esteja entre\r\nas nossas grandes prioridades\u201d, ressaltou o governador.</p>\r\n\r\n<p style=\"text-align: justify;\" class=\"MsoNoSpacing\">Alcides Ramos definiu o t\u00edtulo como \u201cuma nova certid\u00e3o de nascimento\u201d\r\nentregue a Beto Richa. \u201cAssim, ele passa a ser um cidad\u00e3o da nossa terra\u201d,\r\ndisse o presidente da Casa. Alcides Ramos tamb\u00e9m lembrou que na campanha de\r\n2002, quando Beto Richa concorreu, mas n\u00e3o venceu a elei\u00e7\u00e3o ao governo, em\r\nApucarana ele foi vitorioso. \u201cA cidade, ao votar em peso nele, j\u00e1 o acolhia\u201d,\r\navaliou o presidente. Ele frisou que na elei\u00e7\u00e3o do ano passado, em Apucarana,\r\nBeto Richa e a coordena\u00e7\u00e3o de sua campanha enfrentaram a m\u00e1quina federal, a m\u00e1quina\r\nestadual e a m\u00e1quina municipal. \u201cMesmo assim, Beto Richa obteve 60% dos votos,\r\numa vit\u00f3ria consagradora, atrav\u00e9s da qual, mais uma vez, Apucarana demonstrou a\r\nele o seu carinho\u201d, acrescentou Alcides Ramos. No final da solenidade, uma\r\nrepresentante do Arranjo Produtivo Local (APL) entregou a Beto Richa um bon\u00e9 e\r\noutros produtos fabricados em Apucarana.</p>\r\n\r\n<p style=\"text-align: justify;\" class=\"MsoNoSpacing\">O evento teve a presen\u00e7a do deputado federal Abelardo Lupion, do\r\ndeputado estadual Pedro Lupion, dos secret\u00e1rios Norberto Ortigara, da\r\nAgricultura, Mounir Chaowiche, da Habita\u00e7\u00e3o, e Durval Amaral, da Casa Civil, de\r\nJo\u00e3o Carlos de Oliveira, prefeito de Apucarana, al\u00e9m de prefeitos, vereadores,\r\nempres\u00e1rios e outras autoridades de Apucarana e de toda a regi\u00e3o.</p><p style=\"text-align: justify;\" class=\"MsoNoSpacing\"><br /></p><p style=\"text-align: justify;\" class=\"MsoNoSpacing\"><img class=\"image-inline\" src=\"../imagem/betoricha%20%281%29.jpg\" alt=\"Beto Richa 1\" /></p><p style=\"text-align: justify;\" class=\"MsoNoSpacing\"><br /></p><p style=\"text-align: justify;\" class=\"MsoNoSpacing\"><img class=\"image-inline\" src=\"../imagem/betoricha%20%284%29.jpg\" alt=\"Beto Richa 2\" /></p><p style=\"text-align: justify;\" class=\"MsoNoSpacing\"><br /></p><p style=\"text-align: justify;\" class=\"MsoNoSpacing\"><img class=\"image-inline\" src=\"../imagem/betoricha%20%282%29.jpg\" alt=\"Beto Richa 3\" /></p><p style=\"text-align: justify;\" class=\"MsoNoSpacing\"><br /></p><p style=\"text-align: justify;\" class=\"MsoNoSpacing\"><img class=\"image-inline\" src=\"../imagem/betoricha%20%283%29.jpg\" alt=\"Beto Richa 4\" /><br /></p><p style=\"text-align: justify;\" class=\"MsoNoSpacing\"><br /></p><p style=\"text-align: justify;\" class=\"MsoNoSpacing\"><a href=\"https://www.apucarana.pr.leg.br/institucional/tv-camara/sessoes-online/sessoes/ss070711\">CLIQUE AQUI E ASSISTA A HOMENAGEM</a><br />\u00a0</p><p style=\"text-align: justify;\" class=\"MsoNoSpacing\"><a href=\"http://migre.me/5cQrT\">CLIQUE AQUI E LEIA MAIS NA AGENCIA DE NOT\u00cdCIAS DO PARAN\u00c1</a></p><p style=\"text-align: justify;\" class=\"MsoNoSpacing\"><br /></p><p style=\"text-align: justify;\" class=\"MsoNoSpacing\">\u00a0<br /></p>", "author_name": "", "version": "1.0", "author_url": "https://www.apucarana.pr.leg.br/author/ivan", "provider_name": "Portal da C\u00e2mara Municipal de Apucarana", "type": "rich"}