{"provider_url": "https://www.apucarana.pr.leg.br", "title": "C\u00e2mara aprova emenda para 11 vereadores", "html": "<p>\r\n\r\n</p> A vota\u00e7\u00e3o \u00e9 mais um passo no sentido de resolver a pol\u00eamica que\r\nse estabeleceu por conta da Emenda 58, que redistribui o n\u00famero de cadeiras nos\r\nLegislativos com base no \u00faltimo censo populacional. Apucarana, que est\u00e1 na\r\nfaixa entre 120 mil e 160 mil habitantes, poderia aumentar seu Legislativo para\r\nat\u00e9 19 vagas. <br /><br />Como a Lei Org\u00e2nica j\u00e1 prev\u00ea esse n\u00famero, \u00e9 necess\u00e1ria uma emenda\r\npara manter a composi\u00e7\u00e3o atual.\r\n\r\n<p style=\"text-align: justify;\" class=\"MsoNoSpacing\">A emenda, que j\u00e1 tinha o apoio de seis dos 11\r\nvereadores - Aldivino Marques da Cruz Neto, o Val (PSC), Marcos Ant\u00f4nio Martins\r\n(PTC), Alcides Ramos J\u00fanior (DEM), Luiz Brentan (PSDB), Lucimar Scarpelini (PP)\r\ne J\u00fanior da Femac (PDT) \u2013 ganhou na noite da \u00faltima sexta-feira o apoio de\r\nquatro vereadores da bancada da situa\u00e7\u00e3o \u2013 Mauro Bertoli (PTB), Telma Reis\r\n(PMDB), Carmelo Ribeiro (PR) e Jos\u00e9 A\u00edrton de Ara\u00fajo, o Deco (PR). Com 10\r\nvotos, apenas o vereador Valdir Frias (PTB) vinha resistindo a votar contra o\r\naumento do n\u00famero de cadeiras. Mas tamb\u00e9m ele acabou cedendo.</p>\r\n\r\n<p style=\"text-align: justify;\" class=\"MsoNoSpacing\">A maioria dos vereadores invocou a rea\u00e7\u00e3o popular,\r\natrav\u00e9s de sondagem realizada pela Alvorada Pesquisas, de enquete feita atrav\u00e9s\r\ndo site da C\u00e2mara, de depoimentos atrav\u00e9s do 0800 e de of\u00edcios enviados \u00e0s\r\nentidades de classe, para se decidir por manter as 11 vagas. </p>\r\n\r\n<p style=\"text-align: justify;\" class=\"MsoNoSpacing\">Por se tratar de emenda \u00e0 Lei Org\u00e2nica, o projeto\r\nprecisa ser votado em dois turnos, com interst\u00edcio m\u00ednimo de dez dias. Um grupo\r\nde manifestantes acompanhou a sess\u00e3o, com faixas e cartazes, defendendo o\r\naumento para 19 vagas. O grupo era formado, na maioria, por pr\u00e9-candidatos a\r\nvereador e por dirigentes partid\u00e1rios que se sentem prejudicados pela decis\u00e3o\r\nda C\u00e2mara.</p>\r\n\r\n<p style=\"text-align: justify;\" class=\"MsoNoSpacing\">\u00a0</p>\r\n\r\n<p style=\"text-align: justify;\" class=\"MsoNoSpacing\">\u00a0</p>\r\n\r\n", "author_name": "", "version": "1.0", "author_url": "https://www.apucarana.pr.leg.br/author/ivan", "provider_name": "Portal da C\u00e2mara Municipal de Apucarana", "type": "rich"}