{"provider_url": "https://www.apucarana.pr.leg.br", "title": "C\u00e2mara cobra terreno para Casa de Cust\u00f3dia", "html": "<p>\r\n\r\n</p> Alcides lembrou que, regimentalmente, a C\u00e2mara tem\r\nprazo m\u00e1ximo de 45 dias para p\u00f4r em vota\u00e7\u00e3o o projeto enviado pelo Executivo.\r\nOcorre que o terreno adquirido pelo prefeito Jo\u00e3o Carlos de Oliveira \u2013 e que\r\nprecisa ser doado ao Estado mediante autoriza\u00e7\u00e3o da C\u00e2mara \u2013 levantou pol\u00eamica,\r\npois est\u00e1 localizado na regi\u00e3o de S\u00e3o Domingos, que vem atraindo investimentos\r\nna \u00e1rea de turismo rural.<br /><br />\r\n<p style=\"text-align: justify;\" class=\"MsoNoSpacing\">\u201cN\u00f3s\r\nrecebemos no m\u00eas passado uma comitiva de produtores rurais e de investidores\r\ndaquela regi\u00e3o e nos comprometemos a segurar o projeto por quinze dias. Esse\r\nprazo j\u00e1 passou e n\u00f3s seremos obrigados a colocar o projeto em vota\u00e7\u00e3o, da\r\nforma como foi enviado pelo Executivo\u201d, afirma Alcides Ramos. Para ele, seria\r\nmelhor que o prefeito e os produtores da regi\u00e3o de S\u00e3o Domingos entrassem num\r\nacordo quanto a manter ou n\u00e3o o investimento naquela regi\u00e3o ou que outra \u00e1rea fosse\r\napresentada. \u201c\u00c9 um apelo que n\u00f3s fazemos ao prefeito, no sentido de que ele busque\r\nresolver a quest\u00e3o, uma vez que est\u00e1 partindo da administra\u00e7\u00e3o o projeto que\r\ndoa o terreno naquela regi\u00e3o. Se ele n\u00e3o fizer isso, nem retirar o projeto, a\r\nC\u00e2mara vai ter que apreciar a mat\u00e9ria nos pr\u00f3ximos dias, cumprindo o que manda\r\no Regimento Interno\u201d, salienta o presidente.</p>\r\n\r\n<p style=\"text-align: justify;\" class=\"MsoNoSpacing\">Alcides\r\nRamos diz que os vereadores s\u00e3o sens\u00edveis \u00e0 quest\u00e3o do minipres\u00eddio e quanto \u00e0\r\nnecessidade de se melhorar a estrutura carcer\u00e1ria em Apucarana e regi\u00e3o. \u201cHoje,\r\no ambiente para se debater o assunto \u00e9 muito mais favor\u00e1vel do que no ano\r\npassado, pois as coisas n\u00e3o precisam ser feitas no apagar das luzes de um\r\ngoverno e a toque de caixa. No entanto, nosso entendimento \u00e9 de que seria\r\naconselh\u00e1vel um local que n\u00e3o trouxesse tanto impacto como o que est\u00e1 sendo\r\nproposto no projeto enviado pelo Executivo\u201d, acrescenta Alcides Ramos.</p>\r\n\r\n<p style=\"text-align: justify;\" class=\"MsoNoSpacing\">O\r\nprojeto defendido pelo governo do Estado para Apucarana prev\u00ea a doa\u00e7\u00e3o de uma\r\n\u00e1rea de 48,4 mil metros quadrados na \u00e1rea rural do munic\u00edpio para a constru\u00e7\u00e3o\r\nde um Centro de Deten\u00e7\u00e3o e Ressocializa\u00e7\u00e3o (CDR), com capacidade para 800\r\npresos.</p>\r\n\r\n<p style=\"text-align: justify;\" class=\"MsoNoSpacing\">\u00a0</p>\r\n\r\n<p style=\"text-align: justify;\" class=\"MsoNoSpacing\">\u00a0</p>\r\n\r\n<p style=\"text-align: justify;\" class=\"MsoNoSpacing\">\u00a0</p>\r\n\r\n", "author_name": "", "version": "1.0", "author_url": "https://www.apucarana.pr.leg.br/author/ivan", "provider_name": "Portal da C\u00e2mara Municipal de Apucarana", "type": "rich"}