{"provider_url": "https://www.apucarana.pr.leg.br", "title": "C\u00e2mara concede t\u00edtulo a Odival Franciscon", "html": "<p>\r\n\r\n</p><br /><p style=\"text-align: justify;\">\u00a0Casou-se em 1958 com a professora L\u00eddia Sartori e, logo depois, mudou-se para\r\nApucarana. \u201cS\u00f3 pelo seu trabalho pioneiro na nossa regi\u00e3o como engenheiro\r\nagr\u00f4nomo e pelo cooperativismo, ele j\u00e1 merecia esta homenagem. Mas n\u00f3s tamb\u00e9m o\r\nhomenageamos como pai e av\u00f4, como esposo e pelo grande trabalho comunit\u00e1rio\r\nexercido em nossa cidade\u201d, afirmou o vereador J\u00fanior da Femac (PDT), autor do\r\nprojeto.</p>\r\n\r\n<p style=\"text-align: justify;\">Em\r\nApucarana, Franciscon residiu por sete anos na Fazenda Aparecida, na \u00c1gua do\r\nXaxim. Foi avaliador do Banco do Brasil de 62 a 64 e diretor da Cooperativa dos\r\nCafeicultores de Apucarana de 62 a 69. Em 1965, passou a residir na zona\r\nurbana. Ele e L\u00eddia tiveram oito filhos. Em 1970, fundou a Cooperativa\r\nAgropecu\u00e1ria Centro do Paran\u00e1 (Canorpa), onde foi diretor por 12 anos. Fundou\r\ntamb\u00e9m a Credinorpa, hoje Sicredi. Participou de v\u00e1rias pastorais, entre elas a\r\nPastoral Mission\u00e1ria, atrav\u00e9s do Movimento de Cursilho, onde foi coordenador\r\nregional por 19 anos. Entre v\u00e1rias outras a\u00e7\u00f5es, atuou na cria\u00e7\u00e3o da Casa de\r\nApoio Divina Provid\u00eancia, com a finalidade de receber pacientes da 17\u00aa.\r\nRegional de Sa\u00fade.</p>\r\n\r\n<p style=\"text-align: justify;\">O\r\nprefeito Jo\u00e3o Carlos de Oliveira e monsenhor Roberto Carrara tamb\u00e9m destacaram\r\no trabalho comunit\u00e1rio do homenageado. O filho Pedro Franciscon Neto falou em\r\nnome da fam\u00edlia. \u201cAlgumas pessoas s\u00e3o como cometas: passam em nossas vidas e se\r\nv\u00e3o. Outras, como voc\u00ea, s\u00e3o estrelas, ficam brilhando para sempre\u201d, afirmou.\r\nOdival lembrou sua trajet\u00f3ria em Apucarana e se emocionou ao falar dos pais.\r\n\u201cVi Apucarana crescer e cresci com ela. Dedico esse t\u00edtulo aos meus filhos e a\r\ntoda a minha fam\u00edlia\u201d, finalizou.</p>\r\n\r\n<p style=\"text-align: justify;\">\u00a0</p><p style=\"text-align: justify;\"><img class=\"image-inline\" src=\"../imagem/Titulo-Franciscon-%2840%29.jpg\" alt=\"franc\" /></p><p style=\"text-align: justify;\"><br /></p><p style=\"text-align: justify;\"><img class=\"image-inline\" src=\"../imagem/francisc111.jpg\" alt=\"franc1\" /></p><p style=\"text-align: justify;\"><br /></p><p style=\"text-align: justify;\">-----------<br />Assessoria de imprensa<br />16/09/2011<br /><br /></p>\r\n\r\n", "author_name": "", "version": "1.0", "author_url": "https://www.apucarana.pr.leg.br/author/ivan", "provider_name": "Portal da C\u00e2mara Municipal de Apucarana", "type": "rich"}