{"provider_url": "https://www.apucarana.pr.leg.br", "title": "C\u00e2mara de Apucarana debate Leil\u00e3o da Vale", "html": "<p>\r\n</p><h1 class=\"western\"><br /></h1>O tema dividiu opini\u00f5es.\r\n\u201cA Vale \u00e9 hoje uma empresa competitiva e o governo do PT\r\nquer ela de volta para a Uni\u00e3o para poder empregar seus\r\ncumpinchas\u201d, afirmou Satio Kayukawa (DEM). \u201cAcho que a quest\u00e3o\r\nda competitividade \u00e9 v\u00e1lida, mas n\u00e3o se pode\r\nvender por 3 uma coisa que vale 93. Por isso ap\u00f3io o\r\nplebiscito e entendo a mobiliza\u00e7\u00e3o da Igreja e dos\r\nmovimentos sociais\u201d, afirmou J\u00fanior da Femac.\r\n<p align=\"justify\" class=\"western\">\r\nEm 1997, ainda no primeiro\r\nmandato do presidente Fernando Henrique Cardoso, a Companhia Vale do\r\nRio Doce foi privatizada por R$ 3,3 bilh\u00f5es de reais. Anos\r\nantes, a Merryl Linch fez uma avalia\u00e7\u00e3o da Companhia e\r\nestimou o seu patrim\u00f4nio em R$ 93 bilh\u00f5es. Minas de\r\nmangan\u00eas, tit\u00e2nio, calc\u00e1rio e estanho, al\u00e9m\r\nde todo o conhecimento cient\u00edfico e tecnol\u00f3gico (as\r\npatentes, por exemplo) n\u00e3o teriam constado da nova avalia\u00e7\u00e3o.\r\nOs que condenam o processo afirmam ainda que houve subavalia\u00e7\u00e3o\r\nda \u00e1rea florestal que a Vale controla e a participa\u00e7\u00e3o\r\nacion\u00e1ria dela em empresas como Usiminas e CSN.</p>\r\n<p align=\"justify\" class=\"western\">\r\n<br />\r\n</p>\r\n<p align=\"justify\" class=\"western\">\r\nAssessoria de Imprensa</p>\r\n<p align=\"justify\" class=\"western\">\r\n<br />\r\n</p>\r\n<p align=\"justify\" class=\"western\">\r\n<br />\r\n</p>\r\n", "author_name": "", "version": "1.0", "author_url": "https://www.apucarana.pr.leg.br/author/ivan", "provider_name": "Portal da C\u00e2mara Municipal de Apucarana", "type": "rich"}