{"provider_url": "https://www.apucarana.pr.leg.br", "title": "C\u00e2mara e UTFPR querem parceria em Apucarana", "html": "<p>\r\n</p>O grupo visitou salas de aula, laborat\u00f3rios, biblioteca e\r\noutras depend\u00eancias, al\u00e9m de assistir a um v\u00eddeo institucional\r\nsobre a hist\u00f3ria da UTFPR, primeira universidade tecnol\u00f3gica do\r\nBrasil, com 12 campi em todo o Estado e mais de 100 anos difundindo\r\nconhecimento. Em Apucarana, o campus iniciou suas atividades em 2007,\r\nno espa\u00e7o onde antes funcionava o Centro Moda. Hoje s\u00e3o cerca de\r\n800 alunos, sendo que a estrutura oferece o curso de T\u00e9cnico\r\nIntegrado em Vestu\u00e1rio, para egressos do Ensino Fundamental, al\u00e9m\r\nde quatro cursos de gradua\u00e7\u00e3o: Design de Moda, Engenharia T\u00eaxtil,\r\nLicenciatura em Qu\u00edmica, e Processos Qu\u00edmicos; curso de Forma\u00e7\u00e3o\r\nPedag\u00f3gica e cursos de qualifica\u00e7\u00e3o profissional destinados a\r\nalunos e \u00e0 comunidade.<br /><br />\r\n<p align=\"JUSTIFY\">\r\n\u201c\u00c9\r\nimportante a intera\u00e7\u00e3o com a comunidade e os vereadores podem\r\nauxiliar muito nesse sentido\u201d, afirmou o diretor-geral, professor\r\nAloysio Gomes de Souza Filho. Ele lembrou que algumas decis\u00f5es para\r\na cria\u00e7\u00e3o do campus da UTFPR em Apucarana j\u00e1 passaram pela C\u00e2mara\r\ne que outras a\u00e7\u00f5es podem ser desencadeadas em conjunto. Acompanhado\r\npelos diretores auxiliares, ele apresentou v\u00e1rias reivindica\u00e7\u00f5es\r\nda comunidade acad\u00eamica, entre elas linhas pr\u00f3prias de \u00f4nibus para\r\no transporte at\u00e9 o centro. Hoje, os estudantes precisam se utilizar\r\nde vans ou caminhar at\u00e9 o ponto de \u00f4nibus pr\u00f3ximo ao Sesi. No\r\nhor\u00e1rio noturno, isso exp\u00f5e os estudantes \u00e0 a\u00e7\u00e3o de marginais.\r\nJ\u00e1 houve o registro de assaltos. Tamb\u00e9m foi solicitada uma\r\nrotat\u00f3ria na Minas Gerais, o que facilitaria o fluxo de estudantes,\r\nprofessores e funcion\u00e1rios da UTFPR nos hor\u00e1rios de pico. Os\r\nvereadores tamb\u00e9m dever\u00e3o atuar junto aos deputados federais de\r\nseus partidos para buscar recursos atrav\u00e9s de emendas parlamentares.\r\nUm dos obst\u00e1culos para se obter recursos atrav\u00e9s de emendas \u00e9 a\r\nelabora\u00e7\u00e3o de projetos conforme as normas do governo. A UTFPR tem\r\nt\u00e9cnicos que atuam nessa \u00e1rea.</p><p align=\"JUSTIFY\"><br /></p>\r\n<p align=\"JUSTIFY\">\r\nAloysio\r\nlembrou que o ensino t\u00e9cnico deve ter grande expans\u00e3o nos pr\u00f3ximos\r\nanos. H\u00e1 previs\u00e3o de 32 novos cursos para o Paran\u00e1, sendo que\r\nApucarana poder\u00e1 se beneficiar com v\u00e1rios deles. \u201cA universidade\r\ntraz recursos, traz pesquisa, traz id\u00e9ias novas e muitos outros\r\nbenef\u00edcios. Da\u00ed a import\u00e2ncia de se fazer um trabalho bem\r\narticulado com a sociedade local e regional\u201d, acrescentou o\r\ndiretor. A \u00e1rea inicial, que era de 11.816 m2, j\u00e1 subiu para 70.515\r\nm2 e pode faltar espa\u00e7o no futuro. Alguns cursos j\u00e1 s\u00e3o disputados\r\nna raz\u00e3o de 19,5 candidatos por vaga, sendo que 52% dos alunos v\u00eam\r\nde 15 diferentes estados.</p><p align=\"JUSTIFY\"><br /></p>\r\n<p align=\"JUSTIFY\">\r\n\u201cFoi\r\numa experi\u00eancia valiosa. Ficamos maravilhados com tudo o que vimos e\r\nqueremos que toda a comunidade conhe\u00e7a e valorize esse bel\u00edssimo\r\ntrabalho. J\u00e1 convidamos o professor Aloysio para usar da tribuna da\r\nC\u00e2mara, numa das pr\u00f3ximas sess\u00f5es, e vamos estar juntos com a\r\nUTFPR em tudo o que estiver ao nosso alcance\u201d, afirma o presidente\r\nda C\u00e2mara, Alcides Ramos J\u00fanior (DEM). O grupo de vereadores tamb\u00e9m\r\ncontou com Telma Reis (PMDB), Lucimar Scarpelini (PP) e Aldivino\r\nMarques, o \u201cVal\u201d (PSC).</p>\r\n<p align=\"JUSTIFY\">\r\n<br />\r\n</p>\r\n<p align=\"JUSTIFY\">\r\n-----</p>\r\n<p align=\"JUSTIFY\">\r\nAssessoria\r\nde imprensa</p>\r\n<p align=\"JUSTIFY\">\r\n21-10-2011</p>\r\n", "author_name": "", "version": "1.0", "author_url": "https://www.apucarana.pr.leg.br/author/ivan", "provider_name": "Portal da C\u00e2mara Municipal de Apucarana", "type": "rich"}