{"provider_url": "https://www.apucarana.pr.leg.br", "title": "C\u00e2mara homenageia \u00c2ngelo Miquel\u00e3o Filho", "html": " \u00c2ngelo \u00e9 presidente da Associa\u00e7\u00e3o de Moradores da Caixa de\r\nS\u00e3o Pedro e vem se destacando \u00e0 frente das lutas e das reivindica\u00e7\u00f5es daquela\r\ncomunidade. \u201cBasta destacar que ele foi um dos grandes batalhadores pelo recape\r\nentre Pirap\u00f3 e Caixa de S\u00e3o Pedro, devolvendo as condi\u00e7\u00f5es de tr\u00e1fego naquele\r\ntrecho. Recentemente, tamb\u00e9m reuniu os moradores para dar um basta \u00e0s\r\narticula\u00e7\u00f5es que tinham como objetivo implantar naquela regi\u00e3o a Casa de\r\nCust\u00f3dia \u201c, destacou Alcides Ramos.\r\n\r\n<p style=\"text-align: justify;\">\u00c2ngelo Miquel\u00e3o Filho nasceu e sempre residiu na mesma\r\npropriedade, na regi\u00e3o da Caixa de S\u00e3o Pedro. Seu pai \u00e9 fundador daquela\r\ncomunidade. Alcides Ramos tamb\u00e9m destacou o trabalho que vem sendo feito junto\r\nao deputado federal Abelardo Lupion, na busca de uma emenda no valor de R$ 70\r\nmil para a constru\u00e7\u00e3o da sede da Associa\u00e7\u00e3o de Moradores.</p>\r\n\r\n<p style=\"text-align: justify;\">\u00c2ngelo Miquel\u00e3o Filho destacou o trabalho do\r\npresidente da C\u00e2mara, Mauro Bertoli (PTB), lembrando que este vem abrindo as\r\nportas da C\u00e2mara a toda a popula\u00e7\u00e3o para tratar sobre os mais diferentes\r\nassuntos. Ele tamb\u00e9m agradeceu a homenagem, aprovada por todos os vereadores.</p><br /><p style=\"text-align: justify;\"><br /></p><img class=\"image-inline\" src=\"../imagem/ang.jpg\" alt=\"ang\" /><br /><br />Fotos: Marcelo Silva<br />\r\n\r\n", "author_name": "", "version": "1.0", "author_url": "https://www.apucarana.pr.leg.br/author/ivan", "provider_name": "Portal da C\u00e2mara Municipal de Apucarana", "type": "rich"}