{"provider_url": "https://www.apucarana.pr.leg.br", "title": "C\u00e2mara homenageia Pol\u00edcias Civil e Militar", "html": "<p>\r\n\r\n</p>O\r\nprojeto, uma iniciativa da vereadora Lucimar Scarpelini (PP), foi aprovado por\r\nunanimidade - segundo a autora, em \u201cgratid\u00e3o pelos servi\u00e7os prestados \u00e0\r\ncomunidade\u201d. A solenidade contou com a presen\u00e7a de v\u00e1rios oficiais da Pol\u00edcia\r\nMilitar, de representantes do 30\u00ba. Batalh\u00e3o de Infantaria Motorizado e do Corpo\r\nde Bombeiros, entre outras entidades.<br /><br />\r\n\r\n<p style=\"text-align: justify;\" class=\"MsoNoSpacing\">\u201cEsta \u00e9 uma homenagem singela\r\ndiante do tanto que esses policiais, mesmo lutando contra uma s\u00e9rie de\r\nlimita\u00e7\u00f5es de ordem estrutural, t\u00eam feito pela seguran\u00e7a p\u00fablica\u201d, afirmou\r\nLucimar Scarpelini. Ela tamb\u00e9m lembrou que a homenagem vai al\u00e9m das fronteiras\r\ndo munic\u00edpio, uma vez que tanto o 10\u00ba. BPM quanto a 17\u00aa. SDP t\u00eam abrang\u00eancia\r\nregional. Lucimar tamb\u00e9m criticou a postura de se relegar a tarefa da seguran\u00e7a\r\np\u00fablica apenas aos policiais. \u201cA seguran\u00e7a \u00e9 uma corrente com mais de 60 elos,\r\nsendo que a Pol\u00edcia \u00e9 apenas uma dessas liga\u00e7\u00f5es\u201d, afirmou a vereadora,\r\ncobrando maior envolvimento da sociedade organizada, sobretudo do poder\r\np\u00fablico.</p>\r\n\r\n<p style=\"text-align: justify;\" class=\"MsoNoSpacing\">Em nome dos policiais\r\nmilitares, discursou o tenente coronel Jo\u00e3o Jorge dos Santos J\u00fanior, comandante\r\ndo 10\u00ba. BPM. Ele surpreendeu a plat\u00e9ia com um discurso em rimas, destacando a\r\ndedica\u00e7\u00e3o e a bravura dos policiais e o sentimento de perda na fam\u00edlia dos que\r\ntombam em combate. Pelos policiais civis falou o delegado Valdir Abrah\u00e3o da\r\nSilva. A solenidade teve ainda a presen\u00e7a do prefeito Jo\u00e3o Carlos de Oliveira e\r\nde outras autoridades pol\u00edticas.</p><p style=\"text-align: justify;\" class=\"MsoNoSpacing\">29-06-2012</p><p style=\"text-align: justify;\" class=\"MsoNoSpacing\"><br /></p>\r\n\r\n<p style=\"text-align: justify;\" class=\"MsoNoSpacing\">\u00a0</p>\r\n\r\n", "author_name": "", "version": "1.0", "author_url": "https://www.apucarana.pr.leg.br/author/ivan", "provider_name": "Portal da C\u00e2mara Municipal de Apucarana", "type": "rich"}