{"provider_url": "https://www.apucarana.pr.leg.br", "title": "C\u00e2mara quer a Fecea no debate do or\u00e7amento", "html": "<p></p><p><p style=\"text-align: justify;\" class=\"MsoNoSpacing\">Acompanhado pelo\r\nvereador e vice-prefeito eleito, J\u00fanior da Femac (PDT), e pelo assessor J\u00falio\r\nC\u00e9sar Ravazzi Santos, ele entregou ao diretor da Fecea, Rog\u00e9rio Ribeiro, c\u00f3pia\r\ndo projeto de lei 199/2012. O projeto trata sobre o or\u00e7amento do munic\u00edpio para\r\n2013, prevendo receita para a administra\u00e7\u00e3o direta e indireta de cerca de R$\r\n194 milh\u00f5es. O professor Narciso Rastelli, vice-diretor, tamb\u00e9m participou da\r\nreuni\u00e3o.</p>\r\n\r\n<p style=\"text-align: justify;\" class=\"MsoNoSpacing\">\u201cN\u00f3s\r\napresentamos aos professores Rog\u00e9rio Ribeiro e Rastelli a c\u00f3pia do projeto e\r\ninformamos que na pr\u00f3xima ter\u00e7a-feira ser\u00e1 realizada uma audi\u00eancia p\u00fablica na\r\nC\u00e2mara para tratar sobre o assunto. Depois disso, o projeto entra em vota\u00e7\u00e3o, o\r\nque deve ocorrer na quinta, na sexta e na segunda-feira da semana seguinte\u201d,\r\ninformou Frias. O objetivo da reuni\u00e3o, segundo o presidente, foi convidar a\r\ndire\u00e7\u00e3o da Fecea, al\u00e9m de alunos e professores, para participarem da audi\u00eancia\r\np\u00fablica. \u201cTivemos uma reuni\u00e3o bastante proveitosa, em que se abriu a\r\npossibilidade de v\u00e1rias parcerias com a Fecea, inclusive para uma melhor\r\nqualifica\u00e7\u00e3o de servidores da C\u00e2mara\u201d, acrescentou Frias.</p>\r\n\r\n<p style=\"text-align: justify;\" class=\"MsoNoSpacing\">Ribeiro\r\ne Rastelli, professores de Finan\u00e7as P\u00fablicas e Contabilidade P\u00fablica,\r\nconsideraram importante o debate comunit\u00e1rio sobre o tema. Rog\u00e9rio Ribeiro\r\nlamentou, por\u00e9m, que a Prefeitura continue enviando para a C\u00e2mara, na \u00faltima\r\nhora, o projeto do or\u00e7amento. \u201cTemos que ser realistas. Com a entrega do\r\nor\u00e7amento atrasado, h\u00e1 pouco a se fazer. Isso n\u00e3o ocorre apenas em Apucarana, \u00e9\r\npraticamente geral\u201d, afirmou Ribeiro. J\u00fanior da Femac adiantou que em 2013 a\r\nnova gest\u00e3o pretende realizar audi\u00eancias p\u00fablicas, abrindo o or\u00e7amento de 2014\r\npara a discuss\u00e3o com a comunidade. \u201c\u00c9 interesse do prefeito Beto Preto que a\r\npr\u00f3pria popula\u00e7\u00e3o participe do processo de defini\u00e7\u00e3o sobre quais investimentos\r\ns\u00e3o realmente priorit\u00e1rios\u201d, afirmou o vice-prefeito eleito.</p>\r\n\r\n<p style=\"text-align: justify;\" class=\"MsoNoSpacing\">J\u00fanior\r\ntamb\u00e9m demonstrou interesse no levantamento dos \u00edndices da educa\u00e7\u00e3o b\u00e1sica em\r\n28 munic\u00edpios da regi\u00e3o, trabalho realizado por estudantes e professores da\r\nFecea. A pesquisa integra o Plano Anual de Fiscaliza\u00e7\u00e3o Social (PAF) e foi\r\npatrocinada pelo Tribunal de Contas como forma de promover uma orienta\u00e7\u00e3o\r\npreventiva junto aos munic\u00edpios. O levantamento mostra que, na soma de v\u00e1rios\r\nindicadores, Apucarana est\u00e1 perdendo para outros munic\u00edpios da regi\u00e3o no que\r\ndiz respeito \u00e0 gest\u00e3o de recursos na \u00e1rea da educa\u00e7\u00e3o. <br /></p><p style=\"text-align: justify;\" class=\"MsoNoSpacing\">Rog\u00e9rio Ribeiro informou\r\nque ainda neste ano v\u00e3o sair n\u00fameros atualizados sobre a pesquisa. J\u00fanior da\r\nFemac manifestou o interesse de que a metodologia e os resultados da pesquisa\r\nsejam apresentados \u00e0 equipe de transi\u00e7\u00e3o nomeada por Beto Preto. Por fim,\r\nRog\u00e9rio Ribeiro, que tamb\u00e9m integra o Observat\u00f3rio Social de Apucarana (OSA),\r\nfalou sobre a import\u00e2ncia de um melhor entrosamento com o Poder Legislativo.\r\n\u201cTemos que lan\u00e7ar uma campanha de valoriza\u00e7\u00e3o do Legislativo. J\u00e1 discutimos\r\nisso internamente no Observat\u00f3rio. O Legislativo \u00e9 que tem o poder intr\u00ednseco\r\nde fiscalizar e acompanhar as contas p\u00fablicas passo a passo\u201d, finalizou o\r\ndiretor da Fecea.</p><p style=\"text-align: justify;\" class=\"MsoNoSpacing\">---</p><p style=\"text-align: justify;\" class=\"MsoNoSpacing\">7-12-12</p><p style=\"text-align: justify;\" class=\"MsoNoSpacing\"><br /></p>\r\n\r\n<p style=\"text-align: justify;\" class=\"MsoNoSpacing\">\u00a0</p>\r\n\r\n</p>", "author_name": "", "version": "1.0", "author_url": "https://www.apucarana.pr.leg.br/author/ivan", "provider_name": "Portal da C\u00e2mara Municipal de Apucarana", "type": "rich"}