{"provider_url": "https://www.apucarana.pr.leg.br", "title": "Cer\u00e1volo realiza 1\u00ba Workshop do Curso TTI", "html": "<p>O presidente da C\u00e2mara Municipal de Apucarana, Franciley Preto Godoi, Poim, recebeu na manh\u00e3 desta quinta-feira (18.08), o diretor do Col\u00e9gio Estadual Professor Izidoro Luiz Cer\u00e1volo, Diego F\u00e1varo e o Coordenador do Curso T\u00e9cnico em Transa\u00e7\u00f5es Imobili\u00e1rias (TTI), professor Cilso Mamprim.</p>\r\n<p>A visita teve como objetivo convidar o presidente, vereadores e vereadora, para participar do 1\u00ba Workshop do Curso TTI, que ser\u00e1 realizado de 23 a 25 de agosto, no Sal\u00e3o Nobre do Col\u00e9gio Cer\u00e1volo.</p>\r\n<p>Direcionado a alunos, ex-alunos, empres\u00e1rios e corretores do segmento imobili\u00e1rio de Apucarana o Workshop que est\u00e1 sendo organizado pelos alunos, tem como foco principal ampliar o conhecimento dos alunos sobre o tema em quest\u00e3o e ao mesmo tempo, segundo o diretor da Institui\u00e7\u00e3o, dar visibilidade ao Col\u00e9gio e ao Curso de TTI.</p>\r\n<p>\u201cSer\u00e1 um importante evento e o Poim nos ajudou a trazer esse Curso para a cidade. Atualmente estamos com 23 alunos em sala. Essa \u00e9 a quarta turma que estamos em forma\u00e7\u00e3o. A quinta ser\u00e1 anunciada no dia do evento. O nosso curso \u00e9 autorizado pelo MEC e habilita o profissional a tirar identidade do Creci/PR, Conselho Regional de Corretores de Im\u00f3veis-6\u00aa Regional do Paran\u00e1 e exercer a profiss\u00e3o legalmente\u201d, adiantou.</p>\r\n<p>Poim agradeceu o convite e parabenizou pela iniciativa. \u201cEsse \u00e9 um mercado que est\u00e1 em ascens\u00e3o na nossa cidade e \u00e9 um curso de grande import\u00e2ncia. Mais uma vez refor\u00e7o que \u00e9 gratificante poder participar de atividades como essa ligadas aos cursos que est\u00e3o sendo realizados no Cer\u00e1volo. Batalhamos para que esse, como os cursos de Administra\u00e7\u00e3o, Est\u00e9tica, Recursos Humanos e T\u00e9cnico em Enfermagem fossem implantados. E adianto que j\u00e1 temos outros dois em andamento: Vestu\u00e1rio e Seguran\u00e7a no Trabalho\u201d, pontuou o presidente da C\u00e2mara.</p>\r\n<p><b>PROGRAMA\u00c7\u00c3O</b></p>\r\n<p>O evento ter\u00e1 inicio na <b>ter\u00e7a-feira (23.08), \u00e0s 19h30</b> com a palestra <b>Financiamento Imobili\u00e1rio e suas Modalidades</b> e ser\u00e1 ministrada por <b>Cleon Caruzo Matheus da Central Cred. </b>A segunda palestra ser\u00e1 sobre <b>Mercado Imobili\u00e1rio/Plano Diretor </b>com o empres\u00e1rio <b>Jo\u00e3o Eduardo Marese.</b></p>\r\n<p>Na <b>quarta-feira (24.08), \u00e0s 19h30,</b> tem in\u00edcio o segundo dia de atividades com a palestra <b>A profiss\u00e3o do Corretor</b> com o <b>Empres\u00e1rio/Delegado Municipal do CRECI, Ant\u00f4nio Bertoli.</b></p>\r\n<p>E o encerramento ser\u00e1 na <b>quinta-feira (25.08), </b>\u00e0s <b>19h30, </b>com a palestra <b>Sistema COFECI e CRECI,</b> que ser\u00e1 ministrada pelo <b>presidente do CRECI PR 6\u00aa Regi\u00e3o</b>, <b>Luiz Celso Castegnaro e sua diretoria.</b></p>\r\n<p><b>\u00a0</b></p>\r\n<p><b>\u00a0</b></p>", "author_name": "", "version": "1.0", "author_url": "https://www.apucarana.pr.leg.br/author/Simone", "provider_name": "Portal da C\u00e2mara Municipal de Apucarana", "type": "rich"}