{"provider_url": "https://www.apucarana.pr.leg.br", "title": "Lucimar quer Sanepar se explicando na C\u00e2mara", "html": "<p>\r\n\r\n</p>\u00a0O\r\npedido de informa\u00e7\u00f5es, aprovado por unanimidade, tem o objetivo de apurar se a\r\nSanepar est\u00e1 cumprindo com todos os compromissos estabelecidos quando da\r\nrenova\u00e7\u00e3o do contrato de concess\u00e3o dos servi\u00e7os de \u00e1gua e esgoto. Os vereadores\r\nest\u00e3o recebendo in\u00fameras reclama\u00e7\u00f5es de fam\u00edlias da periferia por causa da\r\nfalta de \u00e1gua.<br /><br />\r\n\r\n<p style=\"text-align: justify;\" class=\"MsoNoSpacing\">\u201cN\u00f3s\r\nqueremos saber se a Sanepar investiu e est\u00e1 investindo tudo o que estava\r\nprevisto em contrato para ampliar o servi\u00e7o de coleta, tratamento e\r\ndistribui\u00e7\u00e3o de \u00e1gua. Se os investimentos estiverem em desacordo, isso pode dar\r\noutro rumo \u00e0 discuss\u00e3o em torno dos servi\u00e7os prestados pela empresa em\r\nApucarana\u201d, afirma Lucimar. Na pr\u00e1tica, os vereadores querem que o chefe do\r\nescrit\u00f3rio regional, Nelson Mardegan, apresente um raio x da situa\u00e7\u00e3o, mas \u00e0\r\nluz do contrato que foi celebrado entre Sanepar e munic\u00edpio. Nas \u00faltimas\r\nsemanas, foi cogitada inclusive a ideia de formar uma comiss\u00e3o na C\u00e2mara para\r\nviagem a Curitiba, onde haveria reuni\u00e3o com a diretoria da empresa. \u201cEste\r\npedido de informa\u00e7\u00e3o pode subsidiar uma a\u00e7\u00e3o mais ampla da C\u00e2mara e de todos os\r\ndemais segmentos interessados em resolver essa situa\u00e7\u00e3o absurda que \u00e9 a falta\r\nde \u00e1gua em nosso munic\u00edpio\u201d, finaliza Lucimar.</p><p style=\"text-align: justify;\" class=\"MsoNoSpacing\">---</p><p style=\"text-align: justify;\" class=\"MsoNoSpacing\">9-04-12</p><p style=\"text-align: justify;\" class=\"MsoNoSpacing\"><br /></p>\r\n\r\n<p style=\"text-align: justify;\" class=\"MsoNoSpacing\">\u00a0</p>\r\n\r\n", "author_name": "", "version": "1.0", "author_url": "https://www.apucarana.pr.leg.br/author/ivan", "provider_name": "Portal da C\u00e2mara Municipal de Apucarana", "type": "rich"}