{"provider_url": "https://www.apucarana.pr.leg.br", "title": "Nota de Retrata\u00e7\u00e3o da C\u00e2mara de Apucarana", "html": "<p>A C\u00e2mara Municipal de Apucarana utiliza-se do presente expediente para promover nota de retrata\u00e7\u00e3o quanto aos lament\u00e1veis fatos ocorridos no dia 02/06/2025, em especial quanto \u00e0 pessoa do professor Carlos Dias.</p>\r\n<p>A sede do legislativo municipal, enquanto casa do apucaranense, n\u00e3o deve ser ambiente hostil ou cometer excessos por qualquer de seus servidores ou prestadores, como foi o ocorrido.</p>\r\n<p>Em raz\u00e3o disto, vem a p\u00fablico buscar a retrata\u00e7\u00e3o pelo ocorrido e informar que o nivelamento de a\u00e7\u00f5es ser\u00e1 tomada para que epis\u00f3dios como esse n\u00e3o voltem a acontecer.</p>\r\n<p>Danylo Acioli<br />Presidente da C\u00e2mara Municipal de Apucarana\u00a0</p>\r\n<p style=\"text-align: center; \"><img src=\"https://www.apucarana.pr.leg.br/Semttulo.png/@@images/d629f186-c9b0-4a6e-bdbe-2b1a94de4928.png\" alt=\"\" class=\"image-inline\" title=\"\" /></p>", "author_name": "", "version": "1.0", "author_url": "https://www.apucarana.pr.leg.br/author/Fernanda", "provider_name": "Portal da C\u00e2mara Municipal de Apucarana", "type": "rich"}