{"provider_url": "https://www.apucarana.pr.leg.br", "title": "Parlamento Jovem elege Mesa Executiva", "html": "<p>Os vereadores eleitos pelo projeto Parlamento Jovem, da C\u00e2mara Municipal de Apucarana, foram empossados e elegeram a Mesa Executiva para o Exerc\u00edcio de 2019, em Sess\u00e3o Especial realizada na sede do Legislativo, na tarde desta sexta-feira (16/08).</p>\r\n<p>O presidente da Casa de Leis, professor Luciano Molina, a vereadora M\u00e1rcia Souza, autora do projeto, vereadores Gentil Pereira, Edson da Costa Freitas, coordenador do projeto na C\u00e2mara de Apucarana, Dr. Wilson Penharbel e o Dr. Maur\u00edcio Mazur, juiz da 2\u00aa Vara do Trabalho, al\u00e9m dos coordenadores dos Col\u00e9gios Izidoro Lu\u00eds Cer\u00e1volo, Alberto Santos Dumont, Sesi e Ant\u00f4nio dos Tr\u00eas Reis de Oliveira, que participam do projeto, estiveram presentes na Sess\u00e3o.<br /> Molina parabenizou os vereadores pela elei\u00e7\u00e3o da Mesa e pela condu\u00e7\u00e3o do processo. \u201cEstamos abrindo, mais uma vez, as portas da C\u00e2mara para os vereadores do Parlamento Jovem exercerem suas fun\u00e7\u00f5es e conhecerem o trabalho realizado no Legislativo apucaranense. Eles j\u00e1 foram diplomados e empossados em junho e agora elegeram a Mesa Executiva. Todo trabalho desenvolvido pelo Parlamento contribui para o exerc\u00edcio da cidadania e o aperfei\u00e7oamento da democracia\u201d, disse o presidente. \u201cDesde j\u00e1 cumprimento a Mesa Executiva e os vereadores e desejo um per\u00edodo de sucesso e muito trabalho pela frente. Que venham bons projetos de Lei, requerimentos e indica\u00e7\u00f5es, que possam somar e colaborar com a nossa cidade\u201d, pontuou.</p>\r\n<p class=\"western\">A vereadora M\u00e1rcia Souza destacou que mais importante que come\u00e7ar, \u00e9 terminar um trabalho, um projeto, \u201ce \u00e9 assim que acontece no Parlamento Jovem. As portas est\u00e3o abertas para os jovens, para o trabalho que realizam. Agora eles est\u00e3o entendendo como funciona o processo legislativo. A juventude tem se envolvido de uma forma muito positiva. Temos um Parlamento Jovem mais cr\u00edtico, que se preparou, que estudou, que vai fazer a diferen\u00e7a no munic\u00edpio de Apucarana. Uma nova vis\u00e3o\u201d.</p>\r\n<p class=\"western\">A vereadora destacou a import\u00e2ncia do Parlamento e mais uma vez anunciou que a C\u00e2mara Municipal de Apucarana ir\u00e1 receber o Selo ODS, por uma atividade sustent\u00e1vel estar sendo realizada na Casa de Leis, o Projeto Parlamento Jovem. O selo ser\u00e1 entregue em setembro. \u201cNos sentimos honrados. Iremos receber este Selo por atender o que prev\u00ea os Objetivos do Desenvolvimento Sustent\u00e1vel e um dos objetivos \u00e9 a promo\u00e7\u00e3o da paz. O projeto Parlamento Jovem prev\u00ea exatamente isso: a paz, a luta contra a corrup\u00e7\u00e3o, a promo\u00e7\u00e3o da igualdade, e isso tudo o projeto conseguiu conquistar na nossa cidade\u201d, disse a vereadora.</p>\r\n<p class=\"western\">Presente \u00e0 sess\u00e3o o juiz, diretor do F\u00f3rum da Justi\u00e7a do Trabalho, Dr. Maur\u00edcio Mazur afirmou que o Parlamento Jovem \u00e9 uma iniciativa importante. \u201cEssa \u00e9 uma incumb\u00eancia de responsabilidade. Desejo em nome do Poder Judici\u00e1rio que os novos vereadores obtenham \u00eaxito nesse projeto. Parabenizo a C\u00e2mara Municipal pela iniciativa e agrade\u00e7o o convite para prestigiar e participar do Parlamento Jovem. O Poder Legislativo de Apucarana est\u00e1 passando por uma mudan\u00e7a, por um progresso muito grande. Estamos vendo uma atua\u00e7\u00e3o legal, eficaz\u201d, disse o Juiz.</p>\r\n<p><b>ELEI\u00c7\u00c3O DA MESA</b></p>\r\n<p>A Mesa Executiva ficou composta por Lucas Gomes na presid\u00eancia, Roberlaine Santos Martins na vice-presid\u00eancia, Evelyn Aparecida Querino, como 1\u00aa secret\u00e1ria e Victor Hugo Gomes, como 2\u00ba secret\u00e1rio.</p>\r\n<p>Os trabalhos foram conduzidos pela presidente em exerc\u00edcio, vereadora Maria Rafaela Sim\u00f5es, com os vereadores Lucas Gabriel dos Santos, Kaylany Cristina Pereira e Naama dos Santos.</p>\r\n<p>O presidente eleito, Lucas Gomes, reafirmou o compromisso com o Poder Legislativo e em nome de todos os vereadores eleitos agradeceu a C\u00e2mara Municipal de Apucarana \u201cpela oportunidade de vivenciar a experi\u00eancia, de conhecer a hist\u00f3ria dos vereadores, do Poder Legislativo e da cidade de Apucarana nos seus 75 anos. Agradecemos tamb\u00e9m as escolas, N\u00facleo Regional de Educa\u00e7\u00e3o, nossos familiares e amigos que nos apoiaram e assumimos o compromisso de trabalhar, deixar marcas e fazer hist\u00f3ria no Parlamento Jovem\u201d, finalizou o presidente eleito.</p>\r\n<p>\u00a0</p>\r\n<p>\u00a0</p>", "author_name": "imprensa", "version": "1.0", "author_url": "https://www.apucarana.pr.leg.br/author/imprensa", "provider_name": "Portal da C\u00e2mara Municipal de Apucarana", "type": "rich"}