{"provider_url": "https://www.apucarana.pr.leg.br", "title": "Telma quer Festival de Bandas de Garagem", "html": "\u201cO objetivo \u00e9 estimular a produ\u00e7\u00e3o musical, pois sabemos que h\u00e1 muitas\r\nbandas de garagem no munic\u00edpio e tamb\u00e9m \u00e9 sabido que este \u00e9 o caminho para o\r\nsurgimento de muitos artistas profissionais\u201d, justificou a vereadora.<p></p>\r\n\r\n<p style=\"text-align: justify;\"><b>O projeto levantou algumas discuss\u00f5es. J\u00fanior da Femac (PDT), por\r\nexemplo, quis saber se n\u00e3o existe na mat\u00e9ria algum ponto de\r\ninconstitucionalidade, j\u00e1 que implica em aumento de gastos. Lucimar Scarpelini\r\n(PP) perguntou se j\u00e1 existe dota\u00e7\u00e3o or\u00e7ament\u00e1ria para a realiza\u00e7\u00e3o do evento.</b></p><p style=\"text-align: justify;\"><b><br /></b></p>\r\n\r\n<p style=\"text-align: justify;\"><b>Telma Reis explicou que a Secretaria Especial da Juventude \u00e9 vinculada\r\n\u00e0 Secretaria de Esportes e Lazer, que tem estrutura para ajudar na realiza\u00e7\u00e3o\r\ndo festival. \u201cAl\u00e9m disso, existe ampla possibilidade de ser fazer parcerias com\r\na iniciativa privada\u201d, finalizou.</b></p>", "author_name": "", "version": "1.0", "author_url": "https://www.apucarana.pr.leg.br/author/ivan", "provider_name": "Portal da C\u00e2mara Municipal de Apucarana", "type": "rich"}