{"provider_url": "https://www.apucarana.pr.leg.br", "title": "Vereadora Jossuela visita Adefiap", "html": "<p>Na data em que o Brasil celebrou o Dia Nacional de Luta da Pessoa Portadora de Defici\u00eancia (21 de setembro), a vereadora professora Jossuela esteve na sede da Associa\u00e7\u00e3o dos Deficientes F\u00edsicos de Apucarana e Regi\u00e3o (Adefiap)\u00a0a convite do presidente da entidade, Paulo Ant\u00f4nio da Silva.</p>\r\n<p>Na oportunidade, a vereadora al\u00e9m de visitar as instala\u00e7\u00f5es da Associa\u00e7\u00e3o, conversou com o presidente sobre as demandas e o atendimento realizado aos associados e pacientes de Apucarana e regi\u00e3o.</p>\r\n<p>\u201cParabenizo o Paulo pelo brilhante trabalho que ele e sua equipe realizam na Adefiap. Uma importante institui\u00e7\u00e3o, que trabalha com seriedade, compromisso e muita responsabilidade. Uma associa\u00e7\u00e3o que \u00e9 refer\u00eancia no atendimento. E frente a todo esse comprometimento \u00e9 que fomos at\u00e9 o presidente para nos colocar \u00e0 disposi\u00e7\u00e3o e ajudar sempre que poss\u00edvel\u201d, disse a vereadora Jossuela.</p>\r\n<p>Ela destacou o trabalho da equipe multidisciplinar. \u201cS\u00e3o profissionais comprometidos e dedicados. O que vimos ainda foi uma boa estrutura, mas que se pudermos ajudar e colaborar para que melhore cada vez mais, estamos prontos. O atendimento est\u00e1 voltando aos poucos. Ficou reduzido em fun\u00e7\u00e3o da pandemia, mas em tempos de normalidade atendia cerca de 200 pessoas todos os dias\u201d, anunciou a vereadora. \u201cA Adefiap tem um grande destaque na nossa cidade, faz um lindo trabalho. E n\u00f3s temos o dever de ajudar de colaborar investindo na cultura de acessibilidade, de inclus\u00e3o. Coloco a C\u00e2mara e meu gabinete a disposi\u00e7\u00e3o e tenho certeza que todos ir\u00e3o colaborar no que for preciso\u201d, finalizou.</p>\r\n<p><b>ADEFIAP</b></p>\r\n<p>Fundada no dia 05 de maio de 1995, a ADEFIAP possui aproximadamente 1,5 mil associados. Al\u00e9m de Apucarana, a Associa\u00e7\u00e3o atende pacientes de 16 outras cidades do Vale do Iva\u00ed.</p>\r\n<p>Em outubro de 2018, a Adefiap recebeu da C\u00e2mara Municipal de Apucarana o \u201cPr\u00eamio de Efici\u00eancia\u201d pelos relevantes servi\u00e7os prestados as pessoas portadoras de defici\u00eancia. O Pr\u00eamio de Efici\u00eancia foi institu\u00eddo na C\u00e2mara Municipal de Apucarana em 2005 e tem como objetivo outorgar a pessoas e ou organiza\u00e7\u00f5es que reconhecidamente prestam relevantes servi\u00e7os no sentido de ajudar as pessoas portadoras de defici\u00eancias.\u00a0</p>", "author_name": "", "version": "1.0", "author_url": "https://www.apucarana.pr.leg.br/author/Simone", "provider_name": "Portal da C\u00e2mara Municipal de Apucarana", "type": "rich"}